{"id":9421,"date":"2023-11-29T10:21:38","date_gmt":"2023-11-29T09:21:38","guid":{"rendered":"https:\/\/elemelingua.com\/?p=9421"},"modified":"2023-11-29T10:21:38","modified_gmt":"2023-11-29T09:21:38","slug":"poligloci-z-elemelingua-odwiedzili-szkole-w-opocznie","status":"publish","type":"post","link":"https:\/\/elemelingua.com\/pl\/poligloci-z-elemelingua-odwiedzili-szkole-w-opocznie\/","title":{"rendered":"Poligloci z Elemelingua odwiedzili szko\u0142\u0119 w Opocznie"},"content":{"rendered":"\n<p>Ostatnio mieli\u015bmy przyjemno\u015b\u0107 odwiedzi\u0107 Zesp\u00f3\u0142 Szk\u00f3\u0142 Prywatnych w Opocznie. Dzi\u0119ki poliglotom Konradowi i Marlonowi, szko\u0142a prze\u017cy\u0142a bardzo ciekawy, ekscytuj\u0105cy dzie\u0144. Przybycie poliglot\u00f3w wywo\u0142a\u0142o fal\u0119 zainteresowania w\u015br\u00f3d uczni\u00f3w i pracownik\u00f3w szko\u0142y, przygotowuj\u0105c grunt pod niezapomniane wra\u017cenia j\u0119zykowe.<\/p>\n\n<p>Pocz\u0105wszy od najm\u0142odszych, a na \u00f3smej klasie sko\u0144czywszy, uczniowie zostali podzieleni na trzy grupy i z niecierpliwo\u015bci\u0105 czekali na swoj\u0105 kolej, aby porozmawia\u0107 ze s\u0142ynnymi ekspertami j\u0119zykowymi. W powietrzu mo\u017cna by\u0142o wyczu\u0107 oczekiwanie, co \u015bwiadczy\u0142o o zaanga\u017cowaniu szko\u0142y w krzewienie mi\u0142o\u015bci do j\u0119zyk\u00f3w.<\/p>\n\n<div class=\"wp-block-image\"><figure class=\"aligncenter size-large is-resized\"><a href=\"https:\/\/elemelingua.com\/wp-content\/uploads\/2023\/11\/1000023343-1.jpg\"><img loading=\"lazy\" src=\"https:\/\/elemelingua.com\/wp-content\/uploads\/2023\/11\/1000023343-1-1024x651.jpg\" alt=\"poligloci 1\" class=\"wp-image-9398\" width=\"768\" height=\"488\" srcset=\"https:\/\/elemelingua.com\/wp-content\/uploads\/2023\/11\/1000023343-1-1024x651.jpg 1024w, https:\/\/elemelingua.com\/wp-content\/uploads\/2023\/11\/1000023343-1-300x191.jpg 300w, https:\/\/elemelingua.com\/wp-content\/uploads\/2023\/11\/1000023343-1-768x488.jpg 768w, https:\/\/elemelingua.com\/wp-content\/uploads\/2023\/11\/1000023343-1-1536x976.jpg 1536w, https:\/\/elemelingua.com\/wp-content\/uploads\/2023\/11\/1000023343-1-600x381.jpg 600w, https:\/\/elemelingua.com\/wp-content\/uploads\/2023\/11\/1000023343-1.jpg 1584w\" sizes=\"(max-width: 768px) 100vw, 768px\" \/><\/a><\/figure><\/div>\n\n<h2 id=\"h-questions-that-spanned-the-globe\"><strong>Pytania, kt\u00f3re dotyczy\u0142y ca\u0142ego \u015bwiata<\/strong><\/h2>\n\n<p>Pytania przygotowane przez dzieci by\u0142y jednocze\u015bnie r\u00f3\u017cnorodne i wnikliwe. Mierz\u0105c si\u0119 z pytaniami o najtrudniejsze j\u0119zyki \u015bwiata, Konrad i Marlon odpowiadali wyczerpuj\u0105co i z entuzjazmem, dziel\u0105c si\u0119 przy tym osobistymi opowie\u015bciami o opanowywaniu kolejnych j\u0119zyk\u00f3w. Najwa\u017cniejszym wydarzeniem by\u0142a dyskusja na temat j\u0119zyk\u00f3w sztucznych, takich jak na&#8217;vi, ukazuj\u0105ca szerokie spektrum zainteresowa\u0144 j\u0119zykowych uczni\u00f3w.<\/p>\n\n<h2><strong>Podejmij wyzwanie j\u0119zykowe<\/strong><\/h2>\n\n<p>Kluczowym wydarzeniem dnia by\u0142 wyj\u0105tkowy konkurs. Konrad i Marlon poprosili uczni\u00f3w o zidentyfikowanie j\u0119zyk\u00f3w w zabawnej grze w zgadywanie. Reakcja dzieci by\u0142a naprawd\u0119 niesamowita. Nagrod\u0105 za ich trafne przypuszczenia by\u0142y ksi\u0105\u017cki, ale co wa\u017cniejsze, by\u0142o to zwyci\u0119stwo ich j\u0119zykowej ciekawo\u015bci i przenikliwo\u015bci.<\/p>\n\n<h2><strong>Droga do zapami\u0119tywania<\/strong><\/h2>\n\n<p>Wizyta zako\u0144czy\u0142a si\u0119 zwiedzaniem szko\u0142y, dzi\u0119ki czemu poligloci Konrad i Marlon mogli na w\u0142asne oczy zobaczy\u0107 t\u0119tni\u0105ce \u017cyciem \u015brodowisko edukacyjne. Lunch z dyrektorem i pracownikami szko\u0142y by\u0142 doskona\u0142\u0105 okazj\u0105 do refleksyjnych rozm\u00f3w i podzielenia si\u0119 wsp\u00f3lnymi aspiracjami.<\/p>\n\n<div class=\"wp-block-image\"><figure class=\"aligncenter size-full is-resized\"><a href=\"https:\/\/elemelingua.com\/wp-content\/uploads\/2023\/11\/1000023311.jpg\"><img loading=\"lazy\" src=\"https:\/\/elemelingua.com\/wp-content\/uploads\/2023\/11\/1000023311.jpg\" alt=\"poligloci 2\" class=\"wp-image-9409\" width=\"678\" height=\"522\" srcset=\"https:\/\/elemelingua.com\/wp-content\/uploads\/2023\/11\/1000023311.jpg 1356w, https:\/\/elemelingua.com\/wp-content\/uploads\/2023\/11\/1000023311-300x231.jpg 300w, https:\/\/elemelingua.com\/wp-content\/uploads\/2023\/11\/1000023311-1024x788.jpg 1024w, https:\/\/elemelingua.com\/wp-content\/uploads\/2023\/11\/1000023311-768x591.jpg 768w, https:\/\/elemelingua.com\/wp-content\/uploads\/2023\/11\/1000023311-600x462.jpg 600w\" sizes=\"(max-width: 678px) 100vw, 678px\" \/><\/a><\/figure><\/div>\n\n<h2><strong>Inspiracja: ulica dwukierunkowa<\/strong><\/h2>\n\n<p>Wizyta naszych poliglot\u00f3w zmieni\u0142a nie tylko uczni\u00f3w i nie tylko im przynios\u0142a now\u0105 inspiracj\u0119. Entuzjazm i motywacja tych m\u0142odych umys\u0142\u00f3w w takim samym stopniu zainspirowa\u0142y nasz zesp\u00f3\u0142 w Elemelingua. Ich ch\u0119\u0107 uczenia si\u0119 i odkrywania ogromnego \u015bwiata j\u0119zyk\u00f3w potwierdzi\u0142a nasz\u0105 misj\u0119 i pasj\u0119 do edukacji j\u0119zykowej.<\/p>\n\n<p>Wspomniana wizyta okaza\u0142a si\u0119 by\u0107 czym\u015b wi\u0119cej &#8211; sta\u0142a si\u0119 \u015bwi\u0119tem j\u0119zykowej ciekawo\u015bci i niezaspokojonego pragnienia wiedzy u m\u0142odych poszukiwaczy przyg\u00f3d. W\u0142a\u015bnie takie spotkania daj\u0105 si\u0142\u0119, by rozwija\u0107 nasz\u0105 podr\u00f3\u017c z Elemelingua i przypominaj\u0105 nam o pot\u0119\u017cnym wp\u0142ywie j\u0119zyka i kultury na kszta\u0142towanie m\u0142odych umys\u0142\u00f3w.<\/p>\n\n<p><strong>Aby dowiedzie\u0107 si\u0119 wi\u0119cej o metodzie Elemelingua i pozna\u0107 inne tre\u015bci, odwied\u017a nasz\u0105 <a href=\"https:\/\/elemelingua.com\/pl\/\">stron\u0119 g\u0142\u00f3wn\u0105<\/a>.<\/strong><\/p>\n\n<p><strong>PS: Je\u015bli chcesz obejrze\u0107 nasz Vlog, oto <a href=\"https:\/\/youtu.be\/YEuSc7utESA\">link.<\/a><\/strong><\/p>\n","protected":false},"excerpt":{"rendered":"<p>Ostatnio mieli\u015bmy przyjemno\u015b\u0107 odwiedzi\u0107 Zesp\u00f3\u0142 Szk\u00f3\u0142 Prywatnych w Opocznie. Dzi\u0119ki poliglotom Konradowi i Marlonowi, szko\u0142a prze\u017cy\u0142a bardzo ciekawy, ekscytuj\u0105cy dzie\u0144. Przybycie poliglot\u00f3w wywo\u0142a\u0142o fal\u0119 zainteresowania w\u015br\u00f3d uczni\u00f3w i pracownik\u00f3w szko\u0142y, przygotowuj\u0105c grunt pod niezapomniane wra\u017cenia j\u0119zykowe. Pocz\u0105wszy od najm\u0142odszych, a na \u00f3smej klasie sko\u0144czywszy, uczniowie zostali podzieleni na trzy grupy i z niecierpliwo\u015bci\u0105 czekali na [&hellip;]<\/p>\n","protected":false},"author":1,"featured_media":9373,"comment_status":"open","ping_status":"open","sticky":false,"template":"","format":"standard","meta":{"spay_email":""},"categories":[182],"tags":[],"jetpack_featured_media_url":"https:\/\/elemelingua.com\/wp-content\/uploads\/2023\/11\/1000023305.jpg","_links":{"self":[{"href":"https:\/\/elemelingua.com\/pl\/wp-json\/wp\/v2\/posts\/9421"}],"collection":[{"href":"https:\/\/elemelingua.com\/pl\/wp-json\/wp\/v2\/posts"}],"about":[{"href":"https:\/\/elemelingua.com\/pl\/wp-json\/wp\/v2\/types\/post"}],"author":[{"embeddable":true,"href":"https:\/\/elemelingua.com\/pl\/wp-json\/wp\/v2\/users\/1"}],"replies":[{"embeddable":true,"href":"https:\/\/elemelingua.com\/pl\/wp-json\/wp\/v2\/comments?post=9421"}],"version-history":[{"count":5,"href":"https:\/\/elemelingua.com\/pl\/wp-json\/wp\/v2\/posts\/9421\/revisions"}],"predecessor-version":[{"id":9433,"href":"https:\/\/elemelingua.com\/pl\/wp-json\/wp\/v2\/posts\/9421\/revisions\/9433"}],"wp:featuredmedia":[{"embeddable":true,"href":"https:\/\/elemelingua.com\/pl\/wp-json\/wp\/v2\/media\/9373"}],"wp:attachment":[{"href":"https:\/\/elemelingua.com\/pl\/wp-json\/wp\/v2\/media?parent=9421"}],"wp:term":[{"taxonomy":"category","embeddable":true,"href":"https:\/\/elemelingua.com\/pl\/wp-json\/wp\/v2\/categories?post=9421"},{"taxonomy":"post_tag","embeddable":true,"href":"https:\/\/elemelingua.com\/pl\/wp-json\/wp\/v2\/tags?post=9421"}],"curies":[{"name":"wp","href":"https:\/\/api.w.org\/{rel}","templated":true}]}}