{"id":9430,"date":"2023-11-29T10:24:30","date_gmt":"2023-11-29T09:24:30","guid":{"rendered":"https:\/\/elemelingua.com\/?p=9430"},"modified":"2023-11-29T10:24:30","modified_gmt":"2023-11-29T09:24:30","slug":"poliglotas-da-elemelingua-visitam-escola-em-opoczno","status":"publish","type":"post","link":"https:\/\/elemelingua.com\/pt-br\/poliglotas-da-elemelingua-visitam-escola-em-opoczno\/","title":{"rendered":"Poliglotas da Elemelingua visitam escola em Opoczno"},"content":{"rendered":"\n<p>Recentemente tivemos o prazer de visitar uma escola em Opoczno &#8211; &#8220;Zesp\u00f3\u0142 Szk\u00f3\u0142 Prywatnych&#8221; (ou &#8220;Grupo de Escolas Privadas&#8221; em portugu\u00eas). Foi um dia marcado pela curiosidade e pela energia vibrante quando os poliglotas Konrad e Marlon entraram na escola. A chegada deles provocou uma onda de entusiasmo entre os alunos e funcion\u00e1rios, preparando o cen\u00e1rio para uma experi\u00eancia lingu\u00edstica memor\u00e1vel.<\/p>\n\n<p>Do jardim de inf\u00e2ncia ao 8\u00ba ano, os alunos foram divididos em tr\u00eas grupos, aguardando ansiosamente a sua vez de interagir com os famosos especialistas em l\u00ednguas. A expectativa no ar era palp\u00e1vel, uma prova do compromisso da escola em promover o amor pelas l\u00ednguas.<\/p>\n\n<div class=\"wp-block-image\"><figure class=\"aligncenter size-large is-resized\"><a href=\"https:\/\/elemelingua.com\/wp-content\/uploads\/2023\/11\/1000023343-1.jpg\"><img loading=\"lazy\" src=\"https:\/\/elemelingua.com\/wp-content\/uploads\/2023\/11\/1000023343-1-1024x651.jpg\" alt=\"poliglotas 1\" class=\"wp-image-9399\" width=\"768\" height=\"488\" srcset=\"https:\/\/elemelingua.com\/wp-content\/uploads\/2023\/11\/1000023343-1-1024x651.jpg 1024w, https:\/\/elemelingua.com\/wp-content\/uploads\/2023\/11\/1000023343-1-300x191.jpg 300w, https:\/\/elemelingua.com\/wp-content\/uploads\/2023\/11\/1000023343-1-768x488.jpg 768w, https:\/\/elemelingua.com\/wp-content\/uploads\/2023\/11\/1000023343-1-1536x976.jpg 1536w, https:\/\/elemelingua.com\/wp-content\/uploads\/2023\/11\/1000023343-1-600x381.jpg 600w, https:\/\/elemelingua.com\/wp-content\/uploads\/2023\/11\/1000023343-1.jpg 1584w\" sizes=\"(max-width: 768px) 100vw, 768px\" \/><\/a><\/figure><\/div>\n\n<h2 id=\"h-questions-that-spanned-the-globe\"><strong>Perguntas que abrangeram o mundo<\/strong><\/h2>\n\n<p>As perguntas preparadas pelas crian\u00e7as eram t\u00e3o diversas quanto esclarecedoras. Desde perguntas sobre os idiomas mais desafiadores do mundo at\u00e9 hist\u00f3rias pessoais de aquisi\u00e7\u00e3o de idiomas, Konrad e Marlon navegaram em cada pergunta com entusiasmo e profundidade. Um destaque foi a discuss\u00e3o sobre l\u00ednguas artificiais como o Na&#8217;vi, mostrando o amplo espectro de interesses lingu\u00edsticos entre os alunos.<\/p>\n\n<h2><strong>Envolvendo-se em um desafio lingu\u00edstico<\/strong><\/h2>\n\n<p>O destaque do dia foi uma competi\u00e7\u00e3o \u00fanica. Konrad e Marlon desafiaram os alunos a identificar l\u00ednguas num divertido jogo de adivinha\u00e7\u00e3o. A resposta das crian\u00e7as foi simplesmente impressionante. Suas suposi\u00e7\u00f5es corretas lhes renderam livros, mas, mais importante, foi uma vit\u00f3ria para sua curiosidade e perspic\u00e1cia lingu\u00edstica.<\/p>\n\n<h2><strong>Um passeio para lembrar<\/strong><\/h2>\n\n<p>A visita culminou com um passeio pela escola, permitindo aos poliglotas Konrad e Marlon testemunhar em primeira m\u00e3o o vibrante ambiente educacional. Um almo\u00e7o com o diretor da escola e funcion\u00e1rios proporcionou um cen\u00e1rio perfeito para conversas reflexivas e aspira\u00e7\u00f5es compartilhadas.<\/p>\n\n<div class=\"wp-block-image\"><figure class=\"aligncenter size-full is-resized\"><a href=\"https:\/\/elemelingua.com\/wp-content\/uploads\/2023\/11\/1000023311.jpg\"><img loading=\"lazy\" src=\"https:\/\/elemelingua.com\/wp-content\/uploads\/2023\/11\/1000023311.jpg\" alt=\"poliglotas 2\" class=\"wp-image-9410\" width=\"678\" height=\"522\" srcset=\"https:\/\/elemelingua.com\/wp-content\/uploads\/2023\/11\/1000023311.jpg 1356w, https:\/\/elemelingua.com\/wp-content\/uploads\/2023\/11\/1000023311-300x231.jpg 300w, https:\/\/elemelingua.com\/wp-content\/uploads\/2023\/11\/1000023311-1024x788.jpg 1024w, https:\/\/elemelingua.com\/wp-content\/uploads\/2023\/11\/1000023311-768x591.jpg 768w, https:\/\/elemelingua.com\/wp-content\/uploads\/2023\/11\/1000023311-600x462.jpg 600w\" sizes=\"(max-width: 678px) 100vw, 678px\" \/><\/a><\/figure><\/div>\n\n<h2><strong>Inspira\u00e7\u00e3o: uma via de m\u00e3o dupla<\/strong><\/h2>\n\n<p>Ao deixarmos a escola, n\u00e3o foram apenas os alunos que levaram inspira\u00e7\u00e3o. O entusiasmo e a motiva\u00e7\u00e3o dessas jovens mentes tamb\u00e9m nos inspiraram na Elemelingua. O desejo deles de aprender e explorar o vasto mundo das l\u00ednguas reafirmou nossa miss\u00e3o e paix\u00e3o pela educa\u00e7\u00e3o lingu\u00edstica.<\/p>\n\n<p>Esta visita foi mais do que apenas um evento; foi uma celebra\u00e7\u00e3o da curiosidade lingu\u00edstica e da sede inesgot\u00e1vel de conhecimento em jovens aventureiros. S\u00e3o encontros como esses que continuam a alimentar nossa jornada na Elemelingua, lembrando-nos do impacto poderoso da l\u00edngua e da cultura na forma\u00e7\u00e3o de jovens mentes.<\/p>\n\n<p><strong>Para saber mais sobre o M\u00e9todo Elemelingua e ver outros conte\u00fados, voc\u00ea pode visitar <a href=\"https:\/\/elemelingua.com\/pt-br\/\">a nossa p\u00e1gina inicial<\/a>.<\/strong><\/p>\n\n<p><strong>PS: Se voc\u00ea quiser assistir o nosso vlog, aqui est\u00e1 o <a href=\"https:\/\/youtu.be\/YEuSc7utESA\">link.<\/a><\/strong><\/p>\n","protected":false},"excerpt":{"rendered":"<p>Recentemente tivemos o prazer de visitar uma escola em Opoczno &#8211; &#8220;Zesp\u00f3\u0142 Szk\u00f3\u0142 Prywatnych&#8221; (ou &#8220;Grupo de Escolas Privadas&#8221; em portugu\u00eas). Foi um dia marcado pela curiosidade e pela energia vibrante quando os poliglotas Konrad e Marlon entraram na escola. A chegada deles provocou uma onda de entusiasmo entre os alunos e funcion\u00e1rios, preparando o [&hellip;]<\/p>\n","protected":false},"author":1,"featured_media":9374,"comment_status":"open","ping_status":"open","sticky":false,"template":"","format":"standard","meta":{"spay_email":""},"categories":[173],"tags":[],"jetpack_featured_media_url":"https:\/\/elemelingua.com\/wp-content\/uploads\/2023\/11\/1000023305.jpg","_links":{"self":[{"href":"https:\/\/elemelingua.com\/pt-br\/wp-json\/wp\/v2\/posts\/9430"}],"collection":[{"href":"https:\/\/elemelingua.com\/pt-br\/wp-json\/wp\/v2\/posts"}],"about":[{"href":"https:\/\/elemelingua.com\/pt-br\/wp-json\/wp\/v2\/types\/post"}],"author":[{"embeddable":true,"href":"https:\/\/elemelingua.com\/pt-br\/wp-json\/wp\/v2\/users\/1"}],"replies":[{"embeddable":true,"href":"https:\/\/elemelingua.com\/pt-br\/wp-json\/wp\/v2\/comments?post=9430"}],"version-history":[{"count":3,"href":"https:\/\/elemelingua.com\/pt-br\/wp-json\/wp\/v2\/posts\/9430\/revisions"}],"predecessor-version":[{"id":9435,"href":"https:\/\/elemelingua.com\/pt-br\/wp-json\/wp\/v2\/posts\/9430\/revisions\/9435"}],"wp:featuredmedia":[{"embeddable":true,"href":"https:\/\/elemelingua.com\/pt-br\/wp-json\/wp\/v2\/media\/9374"}],"wp:attachment":[{"href":"https:\/\/elemelingua.com\/pt-br\/wp-json\/wp\/v2\/media?parent=9430"}],"wp:term":[{"taxonomy":"category","embeddable":true,"href":"https:\/\/elemelingua.com\/pt-br\/wp-json\/wp\/v2\/categories?post=9430"},{"taxonomy":"post_tag","embeddable":true,"href":"https:\/\/elemelingua.com\/pt-br\/wp-json\/wp\/v2\/tags?post=9430"}],"curies":[{"name":"wp","href":"https:\/\/api.w.org\/{rel}","templated":true}]}}